{"id":152,"date":"2020-11-24T14:48:00","date_gmt":"2020-11-24T14:48:00","guid":{"rendered":"https:\/\/www.nootilus.com\/3i\/?p=152"},"modified":"2025-05-12T14:56:51","modified_gmt":"2025-05-12T14:56:51","slug":"journee-compliquee","status":"publish","type":"post","link":"https:\/\/www.nootilus.com\/3i\/2020\/11\/24\/journee-compliquee\/","title":{"rendered":"Journ\u00e9e compliqu\u00e9e"},"content":{"rendered":"\n<h3 class=\"wp-block-heading\">Une journ\u00e9e que je ne risque pas d\u2019oublier<\/h3>\n\n\n\n<p>L\u2019agent G. m\u2019a envov\u00e9 chercher un coli qui nous est destin\u00e9, mais qui a atteri par erreur \u00e0 l\u2019accueil du service <code>G\u00e9nie Civil, \u00c9ducation Industrielle &amp; Pr\u00e9visions M\u00e9tallurgiques<\/code>.<\/p>\n\n\n\n<p>Sur l\u2019organigramme qu\u2019on a au bureau<span id='easy-footnote-1-152' class='easy-footnote-margin-adjust'><\/span><span class='easy-footnote'><a href='https:\/\/www.nootilus.com\/3i\/2020\/11\/24\/journee-compliquee\/#easy-footnote-bottom-1-152' title='Et qui date quand-m\u00eame d\u2019avril 1974, d\u2019apr\u00e8s le copyright\u2026'><sup>1<\/sup><\/a><\/span>, le <code>GCEI-PM<\/code> se trouve au 17e \u00e9tage de la Tour Meurisse, \u00e0 la D\u00e9fense.<\/p>\n\n\n\n<p>Sauf que, quand je suis sorti de l\u2019ascenseur, j\u2019ai d\u00e9couvert que j\u2019\u00e9tais dans les bureaux d\u2019une agence de manequinat sp\u00e9cialis\u00e9e dans les dos et les \u00e9paules<span id='easy-footnote-2-152' class='easy-footnote-margin-adjust'><\/span><span class='easy-footnote'><a href='https:\/\/www.nootilus.com\/3i\/2020\/11\/24\/journee-compliquee\/#easy-footnote-bottom-2-152' title='Y\u2019a de la demande pour \u00e7a, d\u2019apr\u00e8s eux.'><sup>2<\/sup><\/a><\/span>. Rien \u00e0 voir avec le <code>B.I.O.<\/code><\/p>\n\n\n\n<p>Ils ont quand-m\u00eame eu la gentillesse de m\u2019expliquer que le service que je cherchais avait d\u00e9m\u00e9nag\u00e9 8 \u00e9tages plus bas.<\/p>\n\n\n\n<p>Quand je suis arriv\u00e9 au 9e \u00e9tage, j\u2019ai soupir\u00e9 ; j\u2019\u00e9tais bien au <code>B.I.O.<\/code> mais pas dans le bon service. Ici, c\u2019est le d\u00e9partement <code>M\u00e9canique G\u00e9n\u00e9rale, S\u00e9curit\u00e9 Nationale &amp; D\u00e9veloppement Personnel<\/code> qui occupe ces locaux.<\/p>\n\n\n\n<p>L\u2019agent Visboire, pr\u00e9pos\u00e9 \u00e0 l\u2019accueil, m\u2019a aid\u00e9 \u00e0 localiser le <code>GCEI-PM<\/code>. On a consult\u00e9 une version plus \u00e0 jour de l\u2019organigramme qu\u2019il a sur intranet. C\u2019est cool, un intranet. \u00c7a serait chouette qu\u2019on en ait un<span id='easy-footnote-3-152' class='easy-footnote-margin-adjust'><\/span><span class='easy-footnote'><a href='https:\/\/www.nootilus.com\/3i\/2020\/11\/24\/journee-compliquee\/#easy-footnote-bottom-3-152' title='Je peux m\u00eame m\u2019en occuper. Je suis dou\u00e9 avec les ordinateurs.'><sup>3<\/sup><\/a><\/span>.<\/p>\n\n\n\n<p>Bref, il s\u2019av\u00e8re que le <em>GCEI-PM<\/em> se trouve au milieu de la for\u00eat de S\u00e9nat, pr\u00e8s d\u2019\u00c9vry.<\/p>\n\n\n\n<p>Donc, TER, taxi, et v\u00e9lo.<\/p>\n\n\n\n<p>J\u2019ai fini par localiser l\u2019entr\u00e9e des locaux, derri\u00e8re la porte d\u2019un cabanon de jardinier abandonn\u00e9<span id='easy-footnote-4-152' class='easy-footnote-margin-adjust'><\/span><span class='easy-footnote'><a href='https:\/\/www.nootilus.com\/3i\/2020\/11\/24\/journee-compliquee\/#easy-footnote-bottom-4-152' title='Le cabanon, pas le jardinier.'><sup>4<\/sup><\/a><\/span>.<\/p>\n\n\n\n<p>Malgr\u00e9 le chaos, j\u2019ai fini par comprendre que le <code>B.I.O.<\/code> avait r\u00e9uni ici plusieurs entit\u00e9s, dont :<\/p>\n\n\n\n<ul class=\"wp-block-list\">\n<li>le service <code>Voiturier, Glacier, Indemnit\u00e9s<\/code><\/li>\n\n\n\n<li>le d\u00e9partement <code>Crieur Public, Publicit\u00e9 Subliminale, Subrogation de Personnalit\u00e9s Publiques<\/code><\/li>\n<\/ul>\n\n\n\n<p>Je n\u2019ai pas saisi les intitul\u00e9s des autres, tous le monde parlait en m\u00eame temps, \u00e7a criait au fond, et j\u2019en ai m\u00eame vu quelques uns se battre.<\/p>\n\n\n\n<p>Quelqu\u2019un \u2014dont je n\u2019ai pas retenu le nom\u2014 n\u2019a pas pu me dire si le <code>GCEI-PM<\/code> \u00e9tait bien ici ou pas, mais que de toute mani\u00e8re personne ici n\u2019avait recu le moindre coli depuis 1982.<\/p>\n\n\n\n<p>J\u2019en ai eu marre, je suis rentr\u00e9.<\/p>\n\n\n\n<p>Tant pis si l\u2019agent G. pique une col\u00e8re, c\u2019est pas ma faute.<\/p>\n\n\n\n<p>Quand je suis enfin revenu aux Archives, G faisait la tronche, et m\u2019a accueilli d\u2019un :<\/p>\n\n\n\n<blockquote class=\"wp-block-quote is-layout-flow wp-block-quote-is-layout-flow\">\n<p>Mais, qu\u2019est-ce que vous fichiez dehors, Corlaix ?<\/p>\n<\/blockquote>\n\n\n\n<p>J\u2019ai commenc\u00e9 \u00e0 lui expliquer que je n\u2019avais pas r\u00e9ussi \u00e0 trouver son paquet, mais il m\u2019a coup\u00e9 la parole pour me dire :<\/p>\n\n\n\n<blockquote class=\"wp-block-quote is-layout-flow wp-block-quote-is-layout-flow\">\n<p>Mais, il est arriv\u00e9 ce matin, ce coli !<\/p>\n<\/blockquote>\n\n\n\n<p>En fait, quelqu\u2019un du <code>GCEI-PM<\/code><span id='easy-footnote-5-152' class='easy-footnote-margin-adjust'><\/span><span class='easy-footnote'><a href='https:\/\/www.nootilus.com\/3i\/2020\/11\/24\/journee-compliquee\/#easy-footnote-bottom-5-152' title='On ne sait toujours pas o\u00f9 se situent les bureaux du &lt;b&gt;GCEI-PM&lt;b\/&gt;.'><sup>5<\/sup><\/a><\/span> \u00e9tait pass\u00e9 le d\u00e9poser quelques minutes apr\u00e8s mon d\u00e9part.<\/p>\n\n\n\n<p>Ah\u2026 si au moins on avait droit \u00e0 des t\u00e9l\u00e9phones portables de service !<\/p>\n","protected":false},"excerpt":{"rendered":"<p>Une journ\u00e9e que je ne risque pas d\u2019oublier L\u2019agent G. m\u2019a envov\u00e9 chercher un coli qui nous est destin\u00e9, mais qui a atteri par erreur \u00e0 l\u2019accueil du service G\u00e9nie Civil, \u00c9ducation Industrielle &amp; Pr\u00e9visions M\u00e9tallurgiques. Sur l\u2019organigramme qu\u2019on a au bureau, le GCEI-PM se trouve au 17e \u00e9tage de la Tour Meurisse, \u00e0 la [&hellip;]<\/p>\n","protected":false},"author":1,"featured_media":0,"comment_status":"closed","ping_status":"open","sticky":false,"template":"","format":"standard","meta":{"footnotes":""},"categories":[2,3],"tags":[],"class_list":["post-152","post","type-post","status-publish","format-standard","hentry","category-donnees","category-pro"],"_links":{"self":[{"href":"https:\/\/www.nootilus.com\/3i\/wp-json\/wp\/v2\/posts\/152","targetHints":{"allow":["GET"]}}],"collection":[{"href":"https:\/\/www.nootilus.com\/3i\/wp-json\/wp\/v2\/posts"}],"about":[{"href":"https:\/\/www.nootilus.com\/3i\/wp-json\/wp\/v2\/types\/post"}],"author":[{"embeddable":true,"href":"https:\/\/www.nootilus.com\/3i\/wp-json\/wp\/v2\/users\/1"}],"replies":[{"embeddable":true,"href":"https:\/\/www.nootilus.com\/3i\/wp-json\/wp\/v2\/comments?post=152"}],"version-history":[{"count":2,"href":"https:\/\/www.nootilus.com\/3i\/wp-json\/wp\/v2\/posts\/152\/revisions"}],"predecessor-version":[{"id":155,"href":"https:\/\/www.nootilus.com\/3i\/wp-json\/wp\/v2\/posts\/152\/revisions\/155"}],"wp:attachment":[{"href":"https:\/\/www.nootilus.com\/3i\/wp-json\/wp\/v2\/media?parent=152"}],"wp:term":[{"taxonomy":"category","embeddable":true,"href":"https:\/\/www.nootilus.com\/3i\/wp-json\/wp\/v2\/categories?post=152"},{"taxonomy":"post_tag","embeddable":true,"href":"https:\/\/www.nootilus.com\/3i\/wp-json\/wp\/v2\/tags?post=152"}],"curies":[{"name":"wp","href":"https:\/\/api.w.org\/{rel}","templated":true}]}}